{"id":5442,"date":"2019-01-16T12:37:59","date_gmt":"2019-01-16T15:37:59","guid":{"rendered":"https:\/\/agrosmart.com.br\/?p=5442"},"modified":"2020-12-12T22:18:07","modified_gmt":"2020-12-13T01:18:07","slug":"el-nino-e-colheita-previsoes-para-a-safra-de-2019","status":"publish","type":"post","link":"https:\/\/agrosmart.com.br\/blog\/el-nino-e-colheita-previsoes-para-a-safra-de-2019\/","title":{"rendered":"El Ni\u00f1o e Colheita: previs\u00f5es para a safra de 2019!"},"content":{"rendered":"\n<p>Ap\u00f3s um ver\u00e3o marcado pelo fen\u00f4meno da La Ni\u00f1a, com poucas chuvas, o primeiro trimestre de 2019 se inicia com aquecimento das \u00e1guas do Oceano Pac\u00edfico, o que leva ao surgimento do El Ni\u00f1o que pode influenciar na sua colheita, por\u00e9m nesse ano a sua intensidade est\u00e1 fraca a moderada, diferentemente do que ocorreu nos anos de 2015 e 2016, quando houve um alto aquecimento dessas \u00e1guas. <\/p>\n\n\n\n<p>De acordo com progn\u00f3sticos do<strong> Centro de Previs\u00e3o de Tempo e Estudos Clim\u00e1ticos do Instituto Nacional de Pesquisas Espaciais (CPTEC-Inpe) <\/strong>e do <strong>Instituto Nacional de Meteorologia, do Minist\u00e9rio da Agricultura, Pecu\u00e1ria e Abastecimento (Inmet-Mapa)<\/strong>, a presen\u00e7a do El Ni\u00f1o ir\u00e1 alterar o regime pluviom\u00e9trico em boa parte do pa\u00eds, elevando a ocorr\u00eancia das chuvas.<\/p>\n\n\n\n<h2 class=\"wp-block-heading\">Como isso ir\u00e1 impactar sua colheita?<\/h2>\n\n\n\n<p>Ainda segundo essa mesma pesquisa e com base nos dados hist\u00f3ricos, em 90% dos anos em que ocorreu o fen\u00f4meno do El Ni\u00f1o, a produtividade das lavouras ficou acima da m\u00e9dia. Este fato, nos leva a concluir que 2019 ser\u00e1 um ano positivo para a agricultura, com condi\u00e7\u00f5es clim\u00e1ticas favor\u00e1veis: chuvas abundantes, distribu\u00eddas e temperaturas amenas.<\/p>\n\n\n\n<p>Por\u00e9m, em contrapartida, apesar do aquecimento das \u00e1guas do Pac\u00edfico criarem um ambiente de chuvas prop\u00edcio para o desenvolvimento das lavouras, o tempo \u00famido acaba incentivando o surgimento de algumas pragas e doen\u00e7as, por isso o produtor deve ficar atento \u00e0 elas e tomar medidas preventivas. <\/p>\n\n\n\n<h2 class=\"wp-block-heading\">Efeitos do El Ni\u00f1o em cada regi\u00e3o do Brasil<\/h2>\n\n\n\n<p>Diferentemente do ano passado, no qual a regi\u00e3o <strong>Sul <\/strong>passou por um per\u00edodo de baixo \u00edndice pluviom\u00e9trico, esse primeiro trimestre ter\u00e1 chuvas acima da m\u00e9dia, o que pode atrapalhar, em alguns momentos, o per\u00edodo de colheita devido ao excesso de umidade presente no solo.<br>\tJ\u00e1 para o <strong>Sudeste<\/strong>, apesar da presen\u00e7a de chuva na maioria dos estados, existe uma estiagem (seca) prevista para o sul de minas, o que pode prejudicar a forma\u00e7\u00e3o dos gr\u00e3os de caf\u00e9, acarretando diversas consequ\u00eancias aos produtores.<br>\tA regi\u00e3o <strong>Centro- Oeste<\/strong> ter\u00e1 chuvas acima da m\u00e9dia, principalmente devido a ocorr\u00eancia do El Ni\u00f1o, &nbsp;por\u00e9m o alto \u00edndice pluviom\u00e9trico n\u00e3o ter\u00e1 muita influ\u00eancia no per\u00edodo da colheita, sendo favor\u00e1vel para o desenvolvimento das lavouras.<br>\tPor fim, no <strong>Norte <\/strong>e <strong>Nordeste<\/strong>, apesar no ano come\u00e7ar de forma positiva para a regi\u00e3o, o trimestre pode n\u00e3o terminar t\u00e3o bem, devido a possibilidade de um per\u00edodo de seca no decorrer da safra de ver\u00e3o.<\/p>\n\n\n\n<h2 class=\"wp-block-heading\">Impactos para as safras de 2019<\/h2>\n\n\n\n<p>Sendo assim, de uma forma geral, o primeiro trimestre de 2019 ser\u00e1 maioritariamente marcado por temperaturas acima da m\u00e9dia e por chuvas abundantes e bem distribu\u00eddas, <a href=\"https:\/\/agrosmart.com.br\/blog\/verdades-e-mitos-sobre-a-agua-na-agricultura\/\">o que pode influenciar positivamente ou negativamente no per\u00edodo da colheita<\/a>, de acordo com cada regi\u00e3o.<\/p>\n\n\n\n<p> Redator: Giulia Cieri<br>Cr\u00e9ditos: TempoAgora &#8211; &#8220;EL NI\u00d1O E COLHEITA DE GR\u00c3OS NO BRASIL | ESPECIAL VER\u00c3O 2019&#8221;<\/p>\n\n\n\n\n\t\t\t\t\t\t<script>\n\t\t\t\t\t\t\twindow.hsFormsOnReady = window.hsFormsOnReady || [];\n\t\t\t\t\t\t\twindow.hsFormsOnReady.push(()=>{\n\t\t\t\t\t\t\t\thbspt.forms.create({\n\t\t\t\t\t\t\t\t\tportalId: 7120388,\n\t\t\t\t\t\t\t\t\tformId: \"53efd24f-5bb7-4de2-9be5-e611db63086d\",\n\t\t\t\t\t\t\t\t\ttarget: \"#hbspt-form-1777447629000-2332230925\",\n\t\t\t\t\t\t\t\t\tregion: \"\",\n\t\t\t\t\t\t\t\t\t\n\t\t\t\t\t\t\t})});\n\t\t\t\t\t\t<\/script>\n\t\t\t\t\t\t<div class=\"hbspt-form\" id=\"hbspt-form-1777447629000-2332230925\"><\/div>\n\n\n\n<figure class=\"wp-block-image is-resized\"><a href=\"https:\/\/site.agrosmart.com.br\/manual-de-energia-lp\" target=\"_blank\" rel=\"noreferrer noopener\"><img fetchpriority=\"high\" decoding=\"async\" src=\"https:\/\/agrosmart.com.br\/blog\/wp-content\/uploads\/2020\/12\/Ativo-7.png\" alt=\"Receba um E-book completo sobre energia para o agricultor que te auxilie a economizar na colheita, el ni\u00f1o\" class=\"wp-image-9393\" width=\"695\" height=\"225\"\/><\/a><\/figure>\n","protected":false},"excerpt":{"rendered":"<p>Ap\u00f3s um ver\u00e3o marcado pelo fen\u00f4meno da La Ni\u00f1a, com poucas chuvas, o primeiro trimestre de 2019 se inicia com aquecimento das \u00e1guas do Oceano Pac\u00edfico, o que leva ao surgimento do El Ni\u00f1o que pode influenciar na sua colheita, por\u00e9m nesse ano a sua intensidade est\u00e1 fraca a moderada, diferentemente do que ocorreu nos &hellip;<\/p>\n","protected":false},"author":1,"featured_media":0,"comment_status":"open","ping_status":"open","sticky":false,"template":"","format":"standard","meta":{"content-type":"","footnotes":""},"categories":[6],"tags":[260,125,165,261,33,128],"class_list":["post-5442","post","type-post","status-publish","format-standard","hentry","category-clima-tempo","tag-aquecimento","tag-chuvas","tag-colheita","tag-condicoes-climaticas","tag-el-nino","tag-safra"],"_links":{"self":[{"href":"https:\/\/agrosmart.com.br\/blog\/wp-json\/wp\/v2\/posts\/5442","targetHints":{"allow":["GET"]}}],"collection":[{"href":"https:\/\/agrosmart.com.br\/blog\/wp-json\/wp\/v2\/posts"}],"about":[{"href":"https:\/\/agrosmart.com.br\/blog\/wp-json\/wp\/v2\/types\/post"}],"author":[{"embeddable":true,"href":"https:\/\/agrosmart.com.br\/blog\/wp-json\/wp\/v2\/users\/1"}],"replies":[{"embeddable":true,"href":"https:\/\/agrosmart.com.br\/blog\/wp-json\/wp\/v2\/comments?post=5442"}],"version-history":[{"count":0,"href":"https:\/\/agrosmart.com.br\/blog\/wp-json\/wp\/v2\/posts\/5442\/revisions"}],"wp:attachment":[{"href":"https:\/\/agrosmart.com.br\/blog\/wp-json\/wp\/v2\/media?parent=5442"}],"wp:term":[{"taxonomy":"category","embeddable":true,"href":"https:\/\/agrosmart.com.br\/blog\/wp-json\/wp\/v2\/categories?post=5442"},{"taxonomy":"post_tag","embeddable":true,"href":"https:\/\/agrosmart.com.br\/blog\/wp-json\/wp\/v2\/tags?post=5442"}],"curies":[{"name":"wp","href":"https:\/\/api.w.org\/{rel}","templated":true}]}}