{"id":10117,"date":"2021-08-13T09:35:48","date_gmt":"2021-08-13T12:35:48","guid":{"rendered":"https:\/\/agrosmart.com.br\/blog\/?p=10117"},"modified":"2022-03-10T18:14:21","modified_gmt":"2022-03-10T21:14:21","slug":"mudancas-climaticas-sao-irreversiveis-no-curto-prazo-e-ja-afetam-o-planeta","status":"publish","type":"post","link":"https:\/\/agrosmart.com.br\/blog\/mudancas-climaticas-sao-irreversiveis-no-curto-prazo-e-ja-afetam-o-planeta\/","title":{"rendered":"Mudan\u00e7as clim\u00e1ticas s\u00e3o irrevers\u00edveis no curto prazo e j\u00e1 afetam todo o planeta"},"content":{"rendered":"\n<p><strong><em>A\u00e7\u00f5es humanas t\u00eam peso significativo no cen\u00e1rio mundial de mudan\u00e7as clim\u00e1ticas, aponta o IPCC (Painel Intergovernamental de Mudan\u00e7as Clim\u00e1ticas)<\/em><\/strong><\/p>\n\n\n\n<p>O clima em nosso planeta est\u00e1 mudando e cada vez mais os impactos dessa mudan\u00e7a devem ser percebidos no campo.&nbsp;<\/p>\n\n\n\n<p>A m\u00e1 not\u00edcia, em meio a isso, \u00e9 que essas mudan\u00e7as s\u00e3o irrevers\u00edveis no curto prazo. No entanto, ainda h\u00e1 formas de atenu\u00e1-las. \u00c9 o que mostra o \u00faltimo <a href=\"https:\/\/www.ipcc.ch\/report\/ar6\/wg1\/\" target=\"_blank\" rel=\"noreferrer noopener\">relat\u00f3rio do IPCC<\/a> das Na\u00e7\u00f5es Unidas, publicado em 09 de agosto de 2021.<\/p>\n\n\n\n<p>O IPCC (Painel Intergovernamental sobre Mudan\u00e7as Clim\u00e1ticas) \u00e9 uma organiza\u00e7\u00e3o da ONU (Na\u00e7\u00f5es Unidas) que divulga pesquisas sobre as causas, efeitos e riscos das mudan\u00e7as clim\u00e1ticas para a humanidade e o meio ambiente.\u00a0<\/p>\n\n\n\n<p>Al\u00e9m disso, o \u00f3rg\u00e3o tamb\u00e9m prop\u00f5e medidas para combater essas mudan\u00e7as, principalmente o aquecimento global.<\/p>\n\n\n\n<p>Mas, afinal, o que este relat\u00f3rio do IPCC aponta? A seguir, voc\u00ea confere algumas das informa\u00e7\u00f5es mais relevantes abordadas no relat\u00f3rio.<\/p>\n\n\n\n<h2 class=\"wp-block-heading\">Os principais pontos do relat\u00f3rio do IPCC<\/h2>\n\n\n\n<h3 class=\"wp-block-heading\">1. A\u00e7\u00f5es humanas est\u00e3o elevando a concentra\u00e7\u00e3o de gases do Efeito Estufa<\/h3>\n\n\n\n<p>O relat\u00f3rio aponta que, desde 2011, as concentra\u00e7\u00f5es de gases do Efeito Estufa na atmosfera v\u00eam crescendo, tendo atingido n\u00fameros alarmantes em 2019.&nbsp;<\/p>\n\n\n\n<p>E foram as a\u00e7\u00f5es humanas que levaram a este aumento.<\/p>\n\n\n\n<h3 class=\"wp-block-heading\">2. A temperatura da superf\u00edcie do planeta aumentou 1,09\u202f\u00b0C\u00a0em fun\u00e7\u00e3o das mudan\u00e7as clim\u00e1ticas<\/h3>\n\n\n\n<p>Ao comparar o per\u00edodo de 2011\u20132020 com 1850\u20131900, a temperatura da superf\u00edcie da Terra aumentou 1,09 \u00b0C. <\/p>\n\n\n\n<p>E isso aconteceu devido ao aumento nas emiss\u00f5es humanas de gases do efeito estufa.<\/p>\n\n\n\n<h3 class=\"wp-block-heading\">3. A redu\u00e7\u00e3o das geleiras e o aumento no n\u00edvel dos oceanos j\u00e1 s\u00e3o realidade<\/h3>\n\n\n\n<p>De acordo com o relat\u00f3rio, provavelmente, a a\u00e7\u00e3o humana por meio da emiss\u00e3o de gases do efeito estufa \u00e9 a respons\u00e1vel pelo derretimento das geleiras desde a d\u00e9cada de 1990.<\/p>\n\n\n\n<p>E com essa redu\u00e7\u00e3o, algumas consequ\u00eancias j\u00e1 s\u00e3o observadas, como o aumento no n\u00edvel dos oceanos, que subiu 0,2 m. entre 1901 e 2018.<\/p>\n\n\n\n<h3 class=\"wp-block-heading\">4. O aumento da temperatura global est\u00e1 afetando os polos<\/h3>\n\n\n\n<p>Com o aumento da temperatura, as zonas clim\u00e1ticas, ou seja, regi\u00f5es que possuem climas similares, est\u00e3o se estendendo para os polos.<\/p>\n\n\n\n<p>Isso significa, por exemplo, que o clima nos polos Norte e Sul est\u00e1 ficando mais pr\u00f3ximo ao observado no Equador.&nbsp;<\/p>\n\n\n\n<p>E isso tem trazido mudan\u00e7as \u00e0 biosfera da Terra. Inclusive, desde a d\u00e9cada de 1950, a \u00e9poca de cultivo se estendeu, em m\u00e9dia, at\u00e9 2 dias por d\u00e9cada nas \u00e1reas extratropicais do hemisf\u00e9rio Norte, de acordo com o IPCC.<\/p>\n\n\n\n<h3 class=\"wp-block-heading\">5. As ondas de calor est\u00e3o mais frequentes e intensas<\/h3>\n\n\n\n<p>Desde a d\u00e9cada de 1950 as ondas de calor e de extremos quentes, ou seja, per\u00edodos mais quentes que o normal, se tornaram mais intensos e frequentes.<\/p>\n\n\n\n<p>Por outro lado, a frequ\u00eancia e a severidade das ondas de frio e os extremos frios diminu\u00edram.&nbsp;<\/p>\n\n\n\n<p>E, a prov\u00e1vel causa dessa situa\u00e7\u00e3o s\u00e3o as mudan\u00e7as clim\u00e1ticas causadas pelo homem.<\/p>\n\n\n\n<h3 class=\"wp-block-heading\">6. A mudan\u00e7as clim\u00e1ticas est\u00e3o afetando o regime de chuvas<\/h3>\n\n\n\n<p>Ademais, as altera\u00e7\u00f5es no clima v\u00eam provocando mudan\u00e7as no balan\u00e7o de energia da atmosfera, devido ao aumento do calor.&nbsp;<\/p>\n\n\n\n<p>E isso tem tornado eventos extremos de chuva mais frequentes e mais intensos desde a d\u00e9cada de 1950.<\/p>\n\n\n\n<h3 class=\"wp-block-heading\">7. A temperatura vai continuar subindo&#8230; independente dos esfor\u00e7os contr\u00e1rios\u00a0<\/h3>\n\n\n\n<p>Mesmo se conseguirmos atingir o melhor cen\u00e1rio de emiss\u00f5es de CO<sub>2<\/sub>, o dano j\u00e1 causado \u00e0 atmosfera deve continuar a elevar a temperatura global, pelo menos, at\u00e9 metade do s\u00e9culo.<\/p>\n\n\n\n<p>E voc\u00ea sabe qual o impacto desse aumento na temperatura?&nbsp;<\/p>\n\n\n\n<p>De acordo com o relat\u00f3rio, um pequeno incremento de 0,5 \u00b0C j\u00e1 \u00e9 o suficiente para alterar a intensidade e a frequ\u00eancia de:<\/p>\n\n\n\n<ul class=\"wp-block-list\"><li>Eventos extremos de calor e ondas de calor;<\/li><li>Eventos extremos de precipita\u00e7\u00f5es;<\/li><li>Secas em diversas regi\u00f5es.<\/li><\/ul>\n\n\n\n<h2 class=\"wp-block-heading\">N\u00e3o h\u00e1 precedentes para as mudan\u00e7as clim\u00e1ticas atuais!<\/h2>\n\n\n\n<p>O relat\u00f3rio tamb\u00e9m apontou que, as mudan\u00e7as clim\u00e1ticas observadas nunca foram registradas em centenas ou at\u00e9 milhares de anos atr\u00e1s.&nbsp;<\/p>\n\n\n\n<p>Al\u00e9m disso, os danos causados pelas emiss\u00f5es de gases do efeito estufa no passado, bem como, no futuro, ainda levar\u00e3o s\u00e9culos ou at\u00e9 mil\u00eanios para serem revertidos, principalmente aqueles provocados aos oceanos.<\/p>\n\n\n\n<div class=\"wp-block-image\"><figure class=\"aligncenter\"><img decoding=\"async\" src=\"https:\/\/lh3.googleusercontent.com\/KLaMHDQyqazfNtY8kwHTO62MWDFNu2-kL_eb52s3G8jM0V6HRJ5AfIyltckof11t_em3-ks_tJqa8x2uUnyG2Uc_2EBaNDQWTqvm-FzxWr16TdFEadZLqUWCza4LkMhNNAwvcZpd\" alt=\"O gr\u00e1fico do Sexto Relat\u00f3rio de Avalia\u00e7\u00e3o do IPCC mostra as altera\u00e7\u00f5es na temperatura global provocadas pelas mudan\u00e7as clim\u00e1ticas\"\/><figcaption><strong>Mudan\u00e7a da temperatura global da superf\u00edcie em rela\u00e7\u00e3o a 1850-1900<\/strong> <br>(IPCC \u2013Sixth Assessment Report)<\/figcaption><\/figure><\/div>\n\n\n\n<p>A figura acima mostra como deve aumentar a temperatura de acordo com cada cen\u00e1rio simulado. Apesar das varia\u00e7\u00f5es, todas as proje\u00e7\u00f5es s\u00e3o de alta.<\/p>\n\n\n\n<h2 class=\"wp-block-heading\">O que podemos concluir de tudo isso<\/h2>\n\n\n\n<blockquote class=\"wp-block-quote is-layout-flow wp-block-quote-is-layout-flow\"><p><em>\u201cO 6\u00b0 relat\u00f3rio sobre mudan\u00e7as clim\u00e1ticas do IPCC \u00e9 categ\u00f3rico no que diz respeito \u00e0 interfer\u00eancia humana no planeta e faz uma previs\u00e3o desanimadora sobre o futuro clim\u00e1tico da Terra.&nbsp;<\/em><\/p><p><em>Isso porque, a cont\u00ednua queima de combust\u00edveis f\u00f3sseis e a remo\u00e7\u00e3o de florestas j\u00e1 causaram danos significativos ao clima terrestre. O que pode ser observado pelo incremento de 1,09\u00b0C na temperatura m\u00e9dia do planeta e no aumento da intensidade e frequ\u00eancia de eventos meteorol\u00f3gicos extremos, em especial ondas de calor e tempestades severas, respons\u00e1veis por in\u00fameros preju\u00edzos materiais e humanos.<\/em><\/p><p><em>Assim, caso nenhuma medida seja tomada, estas altera\u00e7\u00f5es ser\u00e3o cada vez mais intensas e biomas inteiros poder\u00e3o ser perdidos.\u201d<\/em><\/p><p><\/p><cite> \u2013 Comenta Juarez Ventura, Meteorologista e especialista em modelagem atmosf\u00e9rica <\/cite><\/blockquote>\n\n\n\n<h2 class=\"wp-block-heading\">Como as mudan\u00e7as clim\u00e1ticas podem impactar o agro<\/h2>\n\n\n\n<p>A agropecu\u00e1ria \u00e9 um dos setores que mais deve sentir os efeitos das mudan\u00e7as clim\u00e1ticas, uma vez que o campo \u00e9 praticamente uma \u201cf\u00e1brica a c\u00e9u aberto\u201d.&nbsp;<\/p>\n\n\n\n<p>Com as altera\u00e7\u00f5es de temperatura e regime de chuvas, \u00e9 poss\u00edvel que o plantio em algumas regi\u00f5es no Brasil e no mundo j\u00e1 n\u00e3o sejam mais <a href=\"https:\/\/agrosmart.com.br\/blog\/mudancas-climaticas-podem-alterar-o-cultivo-de-milho\/\" target=\"_blank\" rel=\"noreferrer noopener\">vi\u00e1veis<\/a> como antes.<\/p>\n\n\n\n<p>Al\u00e9m disso, a demanda por plantas mais adaptadas ao clima deve crescer, como tamb\u00e9m a necessidade de ado\u00e7\u00e3o de novas <a href=\"https:\/\/agrosmart.com.br\/blog\/solucoes-que-modernizam-as-lavouras-valor-economico\/\" target=\"_blank\" rel=\"noreferrer noopener\">tecnologias<\/a> e <a href=\"https:\/\/agrosmart.com.br\/blog\/irrigacao-como-medida-de-adaptacao-as-mudancas-climaticas\/\" target=\"_blank\" rel=\"noreferrer noopener\">sistemas<\/a> de produ\u00e7\u00e3o mais eficientes.<\/p>\n\n\n\n<p>E foi em meio a essas discuss\u00f5es que o <a href=\"https:\/\/valor.globo.com\/agronegocios\/noticia\/2021\/08\/11\/mudancas-climaticas-no-foco-do-agro.ghtml\" target=\"_blank\" rel=\"noreferrer noopener\">Valor Econ\u00f4mico<\/a> publicou uma mat\u00e9ria no dia 11 de agosto de 2021 abordando a urg\u00eancia desta pauta.<\/p>\n\n\n\n<p>O texto tamb\u00e9m apontou um estudo realizado pelo pesquisador Evandro Silva, da Escola Superior de Agricultura \u201cLuiz de Queiroz\u201d (ESALQ\/USP) que destaca os impactos das mudan\u00e7as clim\u00e1ticas na produ\u00e7\u00e3o mundial de soja.&nbsp;<\/p>\n\n\n\n<p>De acordo com o pesquisador, os riscos de quebra de safra para a cultura devem aumentar no Brasil, em fun\u00e7\u00e3o do clima. Ademais, as preocupa\u00e7\u00f5es ainda podem se estender para o milho, que \u00e9 uma cultura mais sens\u00edvel.<\/p>\n\n\n\n<h2 class=\"wp-block-heading\">Conclus\u00e3o<\/h2>\n\n\n\n<p>As mudan\u00e7as clim\u00e1ticas s\u00e3o uma realidade em nosso planeta e as suas consequ\u00eancias j\u00e1 podem ser sentidas em diversas regi\u00f5es.<\/p>\n\n\n\n<p>Diante disso, o produtor rural precisa se adaptar, adotando pr\u00e1ticas mais sustent\u00e1veis, que conciliam tr\u00eas eixos: ambiental, econ\u00f4mico e social.<\/p>\n\n\n\n<p>Al\u00e9m disso, a ado\u00e7\u00e3o de novas tecnologias e sistemas mais resilientes de produ\u00e7\u00e3o tamb\u00e9m devem se tornar cada vez mais necess\u00e1rios.<\/p>\n\n\n\n<p>Afinal, temos um grande desafio pela frente se quisermos, ao menos, minimizar os impactos ambientais dessas mudan\u00e7as e assegurar a produ\u00e7\u00e3o mundial de alimentos.<\/p>\n","protected":false},"excerpt":{"rendered":"<p>Entenda como as mudan\u00e7as clim\u00e1ticas est\u00e3o afetando o planeta e quais s\u00e3o os impactos disso para a agricultura<\/p>\n","protected":false},"author":19,"featured_media":10124,"comment_status":"open","ping_status":"closed","sticky":false,"template":"","format":"standard","meta":{"content-type":"","footnotes":""},"categories":[6],"tags":[10,58],"class_list":["post-10117","post","type-post","status-publish","format-standard","has-post-thumbnail","hentry","category-clima-tempo","tag-agricultura","tag-mudancas-climaticas"],"_links":{"self":[{"href":"https:\/\/agrosmart.com.br\/blog\/wp-json\/wp\/v2\/posts\/10117","targetHints":{"allow":["GET"]}}],"collection":[{"href":"https:\/\/agrosmart.com.br\/blog\/wp-json\/wp\/v2\/posts"}],"about":[{"href":"https:\/\/agrosmart.com.br\/blog\/wp-json\/wp\/v2\/types\/post"}],"author":[{"embeddable":true,"href":"https:\/\/agrosmart.com.br\/blog\/wp-json\/wp\/v2\/users\/19"}],"replies":[{"embeddable":true,"href":"https:\/\/agrosmart.com.br\/blog\/wp-json\/wp\/v2\/comments?post=10117"}],"version-history":[{"count":0,"href":"https:\/\/agrosmart.com.br\/blog\/wp-json\/wp\/v2\/posts\/10117\/revisions"}],"wp:featuredmedia":[{"embeddable":true,"href":"https:\/\/agrosmart.com.br\/blog\/wp-json\/wp\/v2\/media\/10124"}],"wp:attachment":[{"href":"https:\/\/agrosmart.com.br\/blog\/wp-json\/wp\/v2\/media?parent=10117"}],"wp:term":[{"taxonomy":"category","embeddable":true,"href":"https:\/\/agrosmart.com.br\/blog\/wp-json\/wp\/v2\/categories?post=10117"},{"taxonomy":"post_tag","embeddable":true,"href":"https:\/\/agrosmart.com.br\/blog\/wp-json\/wp\/v2\/tags?post=10117"}],"curies":[{"name":"wp","href":"https:\/\/api.w.org\/{rel}","templated":true}]}}